[{"@context":"https:\/\/schema.org\/","@type":"Article","@id":"https:\/\/www.dsmoda.cz\/novy-dum\/#Article","mainEntityOfPage":"https:\/\/www.dsmoda.cz\/novy-dum\/","headline":"Nov\u00fd d\u016fm","name":"Nov\u00fd d\u016fm","description":"M\u016fj sen byl m\u00edt v\u017edycky d\u016fm na kl\u00ed\u010d. Jenom\u017ee jsem st\u00e1le nev\u011bd\u011bla, jak na to...","datePublished":"2022-10-09","dateModified":"2023-05-02","author":{"@type":"Person","@id":"https:\/\/www.dsmoda.cz\/author\/devene\/#Person","name":"devene","url":"https:\/\/www.dsmoda.cz\/author\/devene\/","identifier":1,"image":{"@type":"ImageObject","@id":"https:\/\/secure.gravatar.com\/avatar\/03ef97ef22d1b0d07a8e6c50d88cc1823592c58a091286b466bcec36e31eaab2?s=96&d=mm&r=g","url":"https:\/\/secure.gravatar.com\/avatar\/03ef97ef22d1b0d07a8e6c50d88cc1823592c58a091286b466bcec36e31eaab2?s=96&d=mm&r=g","height":96,"width":96}},"publisher":{"@type":"Organization","name":"dsmoda.cz","logo":{"@type":"ImageObject","@id":"\/logo.png","url":"\/logo.png","width":600,"height":60}},"image":{"@type":"ImageObject","@id":"https:\/\/www.dsmoda.cz\/wp-content\/uploads\/lake-192990_960_720.jpg","url":"https:\/\/www.dsmoda.cz\/wp-content\/uploads\/lake-192990_960_720.jpg","height":0,"width":0},"url":"https:\/\/www.dsmoda.cz\/novy-dum\/","about":["Dom\u00e1cnost"],"wordCount":455,"articleBody":"        M\u016fj sen byl m\u00edt v\u017edycky d\u016fm na kl\u00ed\u010d. Jenom\u017ee jsem st\u00e1le nev\u011bd\u011bla, jak na to a up\u0159\u00edmn\u011b, abych se v\u00e1m p\u0159iznala, tak jsem ani nev\u011bd\u011bla, co to po\u0159\u00e1dn\u011b znamen\u00e1 m\u00edt d\u016fm na kl\u00ed\u010d. Myslela jsem si v\u017edycky, \u017ee v\u00e1m n\u011bkdo prod\u00e1 kl\u00ed\u010de a vy ihned m\u00e1te d\u016fm. Samoz\u0159ejm\u011b, \u017ee tohle byl pouze vtip, proto\u017ee j\u00e1 jsem se v tom je\u0161t\u011b v\u016fbec nevyznala, byla jsem je\u0161t\u011b hodn\u011b mlad\u00e1. Potom, po letech, kdy\u017e jsem byla s p\u0159\u00edtelem u\u017e \u0161est let, tak jsme si s p\u0159\u00edtelem \u0159ekli, \u017ee bychom u\u017e spolu kone\u010dn\u011b mohli bydlet. Jenom\u017ee j\u00e1 jsem byla odp\u016frce toho, abych platila n\u011bkomu n\u00e1jem za n\u011bjak\u00fd mal\u00fd d\u016fm anebo byt. A u\u017e v\u016fbec jsem necht\u011bla j\u00edt do bytu, kde bych byla t\u0159eba je\u0161t\u011b h\u016f\u0159e horn\u00edm pat\u0159e. Bydlet naho\u0159e by byla asi moje smrt. Cht\u011bla jsem v\u017edycky n\u011bjak\u00fd mal\u00fd dome\u010dek, a hlavn\u011b velkou zahradu. M\u00e1m toti\u017e v pl\u00e1nu chovat velk\u00e9 psy a taky bych cht\u011bla m\u00edt svou zahr\u00e1dku, kde se budu v l\u00e9t\u011b opalovat a d\u00e1m si tam mal\u00fd baz\u00e9n. V\u017edy\u0165 taky s p\u0159\u00edtelem budeme cht\u00edt m\u00edt dv\u011b d\u011bti, tak\u017ee pro\u010d bydlet v mal\u00e9m byt\u011b, kdy\u017e m\u016f\u017eeme m\u00edt d\u016fm na kl\u00ed\u010d! Tak\u017ee jsem cht\u011bla opravdu n\u011bjak\u00fd d\u016fm.  A padl m\u011b do oka d\u016fm na kl\u00ed\u010d. I kdy\u017e jsem o tom moc nev\u011bd\u011bla, tak jsem \u010detla na to skv\u011ble recenze. A taky jsem vid\u011bla p\u011bknou reklamu, \u017ee domy na kl\u00ed\u010de jsou opravdu v\u00fdhodn\u00e9. To si vlastn\u011b nech\u00e1te postavit d\u016fm, kter\u00fd v\u00e1m bude nejv\u00edce vyhovovat a kter\u00fd si taky \u010d\u00e1ste\u010dn\u011b sami napl\u00e1nujete. A komu by se tohle v\u0161echno nel\u00edbilo! Tohle v\u0161echno v\u00e1m ud\u011bl\u00e1 firma, u kter\u00e9 si nech\u00e1te d\u016fm na kl\u00ed\u010d postavit. Sice ano, je to docela drah\u00e9 ne\u017e n\u011bjak\u00fd n\u00e1jem anebo koup\u011b star\u00e9ho domu, ale to se m\u00e1te tu v\u00fdhodu, \u017ee jste prvn\u00ed majitel\u00e9. A mysl\u00edm si, \u017ee ka\u017ed\u00fd mlad\u00fd p\u00e1r by si p\u0159\u00e1l taky m\u00edt d\u016fm na kl\u00ed\u010d, proto\u017ee je to kr\u00e1sn\u00e9 a vlastn\u011b za\u010d\u00edn\u00e1te spolu nov\u00fd \u017eivot. A vy bydl\u00edte jak? Jste spokojen\u00ed se sv\u00fdm \u017eivotem nebo pl\u00e1nujete v brzk\u00e9 dob\u011b n\u011bjakou zm\u011bnu? J\u00e1 ano. Jen si to je\u0161t\u011b nech\u00e1m pro sebe.                                                                                                                                                                                                                                                                                                                                                                                           4.1\/5 - (8 votes)        "},{"@context":"https:\/\/schema.org\/","@type":"BreadcrumbList","itemListElement":[{"@type":"ListItem","position":1,"name":"Nov\u00fd d\u016fm","item":"https:\/\/www.dsmoda.cz\/novy-dum\/#breadcrumbitem"}]}]